{"id":430,"date":"2018-11-23T12:45:50","date_gmt":"2018-11-23T11:45:50","guid":{"rendered":"https:\/\/www.acronum.de.w0194bd1.kasserver.com\/?p=430"},"modified":"2021-04-21T07:17:32","modified_gmt":"2021-04-21T05:17:32","slug":"mittelstand-rueckt-in-den-focus-des-it-sicherheitsgesetzes","status":"publish","type":"post","link":"https:\/\/www.kvinne.de\/en\/mittelstand-rueckt-in-den-focus-des-it-sicherheitsgesetzes\/","title":{"rendered":"Mittelstand r\u00fcckt in den Focus des IT-Sicherheitsgesetzes"},"content":{"rendered":"<h2>Das <abbr title=\"Informationstechnik\">IT<\/abbr>-Sicherheitsgesetz<\/h2>\n<p>Mit dem seit Juli 2015 g\u00fcltigen <a class=\"RichTextExtLink ExternalLink\" title=\"Externer Link\u00a0Gesetz zur Erh\u00f6hung der Sicherheit informationstechnischer Systeme (IT-Sicherheitsgesetz) (\u00d6ffnet\u00a0neues\u00a0Fenster)\" href=\"https:\/\/www.bgbl.de\/xaver\/bgbl\/start.xav?startbk=Bundesanzeiger_BGBl&amp;start=\/\/*%255B@attr_id=%27bgbl115s1324.pdf%27%255D\" target=\"_blank\" rel=\"noopener noreferrer\">Gesetz zur Erh\u00f6hung der Sicherheit informationstechnischer Systeme (<abbr title=\"Informationstechnik\">IT<\/abbr>-Sicherheitsgesetz)<\/a> leistet die Bundesregierung einen Beitrag dazu, die <abbr title=\"Informationstechnik\">IT<\/abbr>-Systeme und digitalen Infrastrukturen Deutschlands zu den sichersten weltweit zu machen. Insbesondere im Bereich der Kritischen Infrastrukturen (<abbr title=\"Kritische Infrastrukturen\">KRITIS<\/abbr>) &#8211; wie etwa Strom- und Wasserversorgung, Finanzen oder Ern\u00e4hrung &#8211; h\u00e4tte ein Ausfall oder eine Beeintr\u00e4chtigung der Versorgungsdienstleistungen dramatische Folgen f\u00fcr Wirtschaft, Staat und Gesellschaft in Deutschland. Die Verf\u00fcgbarkeit und Sicherheit der <abbr title=\"Informationstechnik\">IT<\/abbr>-Systeme spielt somit, speziell im Bereich der Kritischen Infrastrukturen, eine wichtige und zentrale Rolle.<\/p>\n<p>Quelle: https:\/\/www.bsi.bund.de\/DE\/Themen\/Industrie_KRITIS\/KRITIS\/IT-SiG\/it_sig_node.html 23.11.18<\/p>\n<h3>IT-SIG 2.0<\/h3>\n<p><strong>Ende 2019<\/strong> soll\u00a0 das \u00fcberarbeitete IT SiG 2.0 verabschiedet werden.<br \/>\nEs wird erwartet, dass <strong>weitere Sektoren<\/strong> dazukommen werden. Dabei k\u00f6nnten auch die <strong>produzierende Gro\u00dfindustrie <\/strong>und <strong>Hersteller <\/strong>von Komponenten f\u00fcr kritische Infrastrukturen weiteren Meldepflichten unterworfen werden. Ebenso wird angenommen, dass die <strong>Schwellenwerte<\/strong> abgesenkt werden. Voraussichtlich r\u00fcckt der Mittelstand damit st\u00e4rker in den Fokus. Unklar ist hierbei noch, ob sich diese \u00dcberlegungen auf die reine Meldepflicht oder auch auf die Umsetzung von Sicherheitsma\u00dfnahmen beziehen.<br \/>\nQuelle: https:\/\/www.dqs.de\/de\/inhalte-newsletter\/it-sig-20-fakten-und-wuensche\/ 23.11.18<\/p>\n<p>Email: <a href=\"mailto:info@kvinne.de\">info@kvinne.de<\/a><\/p>\n<p>Tel: <a title=\"\" href=\"tel:+4935121971182\">+49.351.21971182<\/a><\/p>\n<p>We look forward to hearing from you!<\/p>","protected":false},"excerpt":{"rendered":"<p>Das IT-Sicherheitsgesetz Mit dem seit Juli 2015 g\u00fcltigen Gesetz zur Erh\u00f6hung der Sicherheit informationstechnischer Systeme (IT-Sicherheitsgesetz) leistet die Bundesregierung einen Beitrag dazu, die IT-Systeme und digitalen Infrastrukturen Deutschlands zu den sichersten weltweit zu machen. Insbesondere im Bereich der Kritischen Infrastrukturen (KRITIS) &#8211; wie etwa Strom- und Wasserversorgung, Finanzen oder Ern\u00e4hrung &#8211; h\u00e4tte ein Ausfall oder &#8230; <a title=\"Mittelstand r\u00fcckt in den Focus des IT-Sicherheitsgesetzes\" class=\"read-more\" href=\"https:\/\/www.kvinne.de\/en\/mittelstand-rueckt-in-den-focus-des-it-sicherheitsgesetzes\/\" aria-label=\"Read more about Mittelstand r\u00fcckt in den Focus des IT-Sicherheitsgesetzes\">Read more<\/a><\/p>","protected":false},"author":1,"featured_media":0,"comment_status":"closed","ping_status":"closed","sticky":false,"template":"","format":"standard","meta":{"footnotes":""},"categories":[8],"tags":[9,10],"class_list":["post-430","post","type-post","status-publish","format-standard","hentry","category-informationssicherheit","tag-iso-27001","tag-it-sig-mittelstand-dresden"],"yoast_head":"<!-- This site is optimized with the Yoast SEO plugin v27.5 - https:\/\/yoast.com\/product\/yoast-seo-wordpress\/ -->\n<title>Mittelstand r\u00fcckt in den Focus des IT-Sicherheitsgesetzes - KVINNE GmbH<\/title>\n<meta name=\"robots\" content=\"index, follow, max-snippet:-1, max-image-preview:large, max-video-preview:-1\" \/>\n<link rel=\"canonical\" href=\"https:\/\/www.kvinne.de\/en\/mittelstand-rueckt-in-den-focus-des-it-sicherheitsgesetzes\/\" \/>\n<meta property=\"og:locale\" content=\"en_US\" \/>\n<meta property=\"og:type\" content=\"article\" \/>\n<meta property=\"og:title\" content=\"Mittelstand r\u00fcckt in den Focus des IT-Sicherheitsgesetzes - KVINNE GmbH\" \/>\n<meta property=\"og:description\" content=\"Das IT-Sicherheitsgesetz Mit dem seit Juli 2015 g\u00fcltigen Gesetz zur Erh\u00f6hung der Sicherheit informationstechnischer Systeme (IT-Sicherheitsgesetz) leistet die Bundesregierung einen Beitrag dazu, die IT-Systeme und digitalen Infrastrukturen Deutschlands zu den sichersten weltweit zu machen. Insbesondere im Bereich der Kritischen Infrastrukturen (KRITIS) &#8211; wie etwa Strom- und Wasserversorgung, Finanzen oder Ern\u00e4hrung &#8211; h\u00e4tte ein Ausfall oder ... Read more\" \/>\n<meta property=\"og:url\" content=\"https:\/\/www.kvinne.de\/en\/mittelstand-rueckt-in-den-focus-des-it-sicherheitsgesetzes\/\" \/>\n<meta property=\"og:site_name\" content=\"KVINNE GmbH\" \/>\n<meta property=\"article:published_time\" content=\"2018-11-23T11:45:50+00:00\" \/>\n<meta property=\"article:modified_time\" content=\"2021-04-21T05:17:32+00:00\" \/>\n<meta name=\"author\" content=\"Carina Thomas\" \/>\n<meta name=\"twitter:card\" content=\"summary_large_image\" \/>\n<meta name=\"twitter:label1\" content=\"Written by\" \/>\n\t<meta name=\"twitter:data1\" content=\"Carina Thomas\" \/>\n\t<meta name=\"twitter:label2\" content=\"Est. reading time\" \/>\n\t<meta name=\"twitter:data2\" content=\"1 minute\" \/>\n<script type=\"application\/ld+json\" class=\"yoast-schema-graph\">{\"@context\":\"https:\\\/\\\/schema.org\",\"@graph\":[{\"@type\":\"Article\",\"@id\":\"https:\\\/\\\/www.kvinne.de\\\/mittelstand-rueckt-in-den-focus-des-it-sicherheitsgesetzes\\\/#article\",\"isPartOf\":{\"@id\":\"https:\\\/\\\/www.kvinne.de\\\/mittelstand-rueckt-in-den-focus-des-it-sicherheitsgesetzes\\\/\"},\"author\":{\"name\":\"Carina Thomas\",\"@id\":\"https:\\\/\\\/www.kvinne.de\\\/#\\\/schema\\\/person\\\/825b64e7e70afd9dca8f8e9107f2b4f2\"},\"headline\":\"Mittelstand r\u00fcckt in den Focus des IT-Sicherheitsgesetzes\",\"datePublished\":\"2018-11-23T11:45:50+00:00\",\"dateModified\":\"2021-04-21T05:17:32+00:00\",\"mainEntityOfPage\":{\"@id\":\"https:\\\/\\\/www.kvinne.de\\\/mittelstand-rueckt-in-den-focus-des-it-sicherheitsgesetzes\\\/\"},\"wordCount\":214,\"publisher\":{\"@id\":\"https:\\\/\\\/www.kvinne.de\\\/#organization\"},\"keywords\":[\"ISO 27001\",\"IT-SIG Mittelstand Dresden\"],\"articleSection\":[\"Informationssicherheit\"],\"inLanguage\":\"en-US\"},{\"@type\":\"WebPage\",\"@id\":\"https:\\\/\\\/www.kvinne.de\\\/mittelstand-rueckt-in-den-focus-des-it-sicherheitsgesetzes\\\/\",\"url\":\"https:\\\/\\\/www.kvinne.de\\\/mittelstand-rueckt-in-den-focus-des-it-sicherheitsgesetzes\\\/\",\"name\":\"Mittelstand r\u00fcckt in den Focus des IT-Sicherheitsgesetzes - KVINNE GmbH\",\"isPartOf\":{\"@id\":\"https:\\\/\\\/www.kvinne.de\\\/#website\"},\"datePublished\":\"2018-11-23T11:45:50+00:00\",\"dateModified\":\"2021-04-21T05:17:32+00:00\",\"breadcrumb\":{\"@id\":\"https:\\\/\\\/www.kvinne.de\\\/mittelstand-rueckt-in-den-focus-des-it-sicherheitsgesetzes\\\/#breadcrumb\"},\"inLanguage\":\"en-US\",\"potentialAction\":[{\"@type\":\"ReadAction\",\"target\":[\"https:\\\/\\\/www.kvinne.de\\\/mittelstand-rueckt-in-den-focus-des-it-sicherheitsgesetzes\\\/\"]}]},{\"@type\":\"BreadcrumbList\",\"@id\":\"https:\\\/\\\/www.kvinne.de\\\/mittelstand-rueckt-in-den-focus-des-it-sicherheitsgesetzes\\\/#breadcrumb\",\"itemListElement\":[{\"@type\":\"ListItem\",\"position\":1,\"name\":\"Startseite\",\"item\":\"https:\\\/\\\/www.kvinne.de\\\/\"},{\"@type\":\"ListItem\",\"position\":2,\"name\":\"Mittelstand r\u00fcckt in den Focus des IT-Sicherheitsgesetzes\"}]},{\"@type\":\"WebSite\",\"@id\":\"https:\\\/\\\/www.kvinne.de\\\/#website\",\"url\":\"https:\\\/\\\/www.kvinne.de\\\/\",\"name\":\"KVINNE GmbH\",\"description\":\"Datenschutz und Informationssicherheit\",\"publisher\":{\"@id\":\"https:\\\/\\\/www.kvinne.de\\\/#organization\"},\"potentialAction\":[{\"@type\":\"SearchAction\",\"target\":{\"@type\":\"EntryPoint\",\"urlTemplate\":\"https:\\\/\\\/www.kvinne.de\\\/?s={search_term_string}\"},\"query-input\":{\"@type\":\"PropertyValueSpecification\",\"valueRequired\":true,\"valueName\":\"search_term_string\"}}],\"inLanguage\":\"en-US\"},{\"@type\":\"Organization\",\"@id\":\"https:\\\/\\\/www.kvinne.de\\\/#organization\",\"name\":\"KVINNE GmbH Datenschutz & Dgitalberatung\",\"alternateName\":\"KVINNE\",\"url\":\"https:\\\/\\\/www.kvinne.de\\\/\",\"logo\":{\"@type\":\"ImageObject\",\"inLanguage\":\"en-US\",\"@id\":\"https:\\\/\\\/www.kvinne.de\\\/#\\\/schema\\\/logo\\\/image\\\/\",\"url\":\"https:\\\/\\\/www.kvinne.de\\\/wp-content\\\/uploads\\\/2018\\\/07\\\/Logo-transparenter-Hintergrund-extra-Schloss-klein.png\",\"contentUrl\":\"https:\\\/\\\/www.kvinne.de\\\/wp-content\\\/uploads\\\/2018\\\/07\\\/Logo-transparenter-Hintergrund-extra-Schloss-klein.png\",\"width\":150,\"height\":183,\"caption\":\"KVINNE GmbH Datenschutz & Dgitalberatung\"},\"image\":{\"@id\":\"https:\\\/\\\/www.kvinne.de\\\/#\\\/schema\\\/logo\\\/image\\\/\"},\"sameAs\":[\"https:\\\/\\\/www.linkedin.com\\\/company\\\/kvinne-gmbh\\\/\"]},{\"@type\":\"Person\",\"@id\":\"https:\\\/\\\/www.kvinne.de\\\/#\\\/schema\\\/person\\\/825b64e7e70afd9dca8f8e9107f2b4f2\",\"name\":\"Carina Thomas\"}]}<\/script>\n<!-- \/ Yoast SEO plugin. -->","yoast_head_json":{"title":"Mittelstand r\u00fcckt in den Focus des IT-Sicherheitsgesetzes - KVINNE GmbH","robots":{"index":"index","follow":"follow","max-snippet":"max-snippet:-1","max-image-preview":"max-image-preview:large","max-video-preview":"max-video-preview:-1"},"canonical":"https:\/\/www.kvinne.de\/en\/mittelstand-rueckt-in-den-focus-des-it-sicherheitsgesetzes\/","og_locale":"en_US","og_type":"article","og_title":"Mittelstand r\u00fcckt in den Focus des IT-Sicherheitsgesetzes - KVINNE GmbH","og_description":"Das IT-Sicherheitsgesetz Mit dem seit Juli 2015 g\u00fcltigen Gesetz zur Erh\u00f6hung der Sicherheit informationstechnischer Systeme (IT-Sicherheitsgesetz) leistet die Bundesregierung einen Beitrag dazu, die IT-Systeme und digitalen Infrastrukturen Deutschlands zu den sichersten weltweit zu machen. Insbesondere im Bereich der Kritischen Infrastrukturen (KRITIS) &#8211; wie etwa Strom- und Wasserversorgung, Finanzen oder Ern\u00e4hrung &#8211; h\u00e4tte ein Ausfall oder ... Read more","og_url":"https:\/\/www.kvinne.de\/en\/mittelstand-rueckt-in-den-focus-des-it-sicherheitsgesetzes\/","og_site_name":"KVINNE GmbH","article_published_time":"2018-11-23T11:45:50+00:00","article_modified_time":"2021-04-21T05:17:32+00:00","author":"Carina Thomas","twitter_card":"summary_large_image","twitter_misc":{"Written by":"Carina Thomas","Est. reading time":"1 minute"},"schema":{"@context":"https:\/\/schema.org","@graph":[{"@type":"Article","@id":"https:\/\/www.kvinne.de\/mittelstand-rueckt-in-den-focus-des-it-sicherheitsgesetzes\/#article","isPartOf":{"@id":"https:\/\/www.kvinne.de\/mittelstand-rueckt-in-den-focus-des-it-sicherheitsgesetzes\/"},"author":{"name":"Carina Thomas","@id":"https:\/\/www.kvinne.de\/#\/schema\/person\/825b64e7e70afd9dca8f8e9107f2b4f2"},"headline":"Mittelstand r\u00fcckt in den Focus des IT-Sicherheitsgesetzes","datePublished":"2018-11-23T11:45:50+00:00","dateModified":"2021-04-21T05:17:32+00:00","mainEntityOfPage":{"@id":"https:\/\/www.kvinne.de\/mittelstand-rueckt-in-den-focus-des-it-sicherheitsgesetzes\/"},"wordCount":214,"publisher":{"@id":"https:\/\/www.kvinne.de\/#organization"},"keywords":["ISO 27001","IT-SIG Mittelstand Dresden"],"articleSection":["Informationssicherheit"],"inLanguage":"en-US"},{"@type":"WebPage","@id":"https:\/\/www.kvinne.de\/mittelstand-rueckt-in-den-focus-des-it-sicherheitsgesetzes\/","url":"https:\/\/www.kvinne.de\/mittelstand-rueckt-in-den-focus-des-it-sicherheitsgesetzes\/","name":"Mittelstand r\u00fcckt in den Focus des IT-Sicherheitsgesetzes - KVINNE GmbH","isPartOf":{"@id":"https:\/\/www.kvinne.de\/#website"},"datePublished":"2018-11-23T11:45:50+00:00","dateModified":"2021-04-21T05:17:32+00:00","breadcrumb":{"@id":"https:\/\/www.kvinne.de\/mittelstand-rueckt-in-den-focus-des-it-sicherheitsgesetzes\/#breadcrumb"},"inLanguage":"en-US","potentialAction":[{"@type":"ReadAction","target":["https:\/\/www.kvinne.de\/mittelstand-rueckt-in-den-focus-des-it-sicherheitsgesetzes\/"]}]},{"@type":"BreadcrumbList","@id":"https:\/\/www.kvinne.de\/mittelstand-rueckt-in-den-focus-des-it-sicherheitsgesetzes\/#breadcrumb","itemListElement":[{"@type":"ListItem","position":1,"name":"Startseite","item":"https:\/\/www.kvinne.de\/"},{"@type":"ListItem","position":2,"name":"Mittelstand r\u00fcckt in den Focus des IT-Sicherheitsgesetzes"}]},{"@type":"WebSite","@id":"https:\/\/www.kvinne.de\/#website","url":"https:\/\/www.kvinne.de\/","name":"KVINNE GmbH","description":"Datenschutz und Informationssicherheit","publisher":{"@id":"https:\/\/www.kvinne.de\/#organization"},"potentialAction":[{"@type":"SearchAction","target":{"@type":"EntryPoint","urlTemplate":"https:\/\/www.kvinne.de\/?s={search_term_string}"},"query-input":{"@type":"PropertyValueSpecification","valueRequired":true,"valueName":"search_term_string"}}],"inLanguage":"en-US"},{"@type":"Organization","@id":"https:\/\/www.kvinne.de\/#organization","name":"KVINNE GmbH Datenschutz & Dgitalberatung","alternateName":"KVINNE","url":"https:\/\/www.kvinne.de\/","logo":{"@type":"ImageObject","inLanguage":"en-US","@id":"https:\/\/www.kvinne.de\/#\/schema\/logo\/image\/","url":"https:\/\/www.kvinne.de\/wp-content\/uploads\/2018\/07\/Logo-transparenter-Hintergrund-extra-Schloss-klein.png","contentUrl":"https:\/\/www.kvinne.de\/wp-content\/uploads\/2018\/07\/Logo-transparenter-Hintergrund-extra-Schloss-klein.png","width":150,"height":183,"caption":"KVINNE GmbH Datenschutz & Dgitalberatung"},"image":{"@id":"https:\/\/www.kvinne.de\/#\/schema\/logo\/image\/"},"sameAs":["https:\/\/www.linkedin.com\/company\/kvinne-gmbh\/"]},{"@type":"Person","@id":"https:\/\/www.kvinne.de\/#\/schema\/person\/825b64e7e70afd9dca8f8e9107f2b4f2","name":"Carina Thomas"}]}},"_links":{"self":[{"href":"https:\/\/www.kvinne.de\/en\/wp-json\/wp\/v2\/posts\/430","targetHints":{"allow":["GET"]}}],"collection":[{"href":"https:\/\/www.kvinne.de\/en\/wp-json\/wp\/v2\/posts"}],"about":[{"href":"https:\/\/www.kvinne.de\/en\/wp-json\/wp\/v2\/types\/post"}],"author":[{"embeddable":true,"href":"https:\/\/www.kvinne.de\/en\/wp-json\/wp\/v2\/users\/1"}],"replies":[{"embeddable":true,"href":"https:\/\/www.kvinne.de\/en\/wp-json\/wp\/v2\/comments?post=430"}],"version-history":[{"count":1,"href":"https:\/\/www.kvinne.de\/en\/wp-json\/wp\/v2\/posts\/430\/revisions"}],"predecessor-version":[{"id":1565,"href":"https:\/\/www.kvinne.de\/en\/wp-json\/wp\/v2\/posts\/430\/revisions\/1565"}],"wp:attachment":[{"href":"https:\/\/www.kvinne.de\/en\/wp-json\/wp\/v2\/media?parent=430"}],"wp:term":[{"taxonomy":"category","embeddable":true,"href":"https:\/\/www.kvinne.de\/en\/wp-json\/wp\/v2\/categories?post=430"},{"taxonomy":"post_tag","embeddable":true,"href":"https:\/\/www.kvinne.de\/en\/wp-json\/wp\/v2\/tags?post=430"}],"curies":[{"name":"wp","href":"https:\/\/api.w.org\/{rel}","templated":true}]}}