{"id":2138,"date":"2023-09-06T15:34:35","date_gmt":"2023-09-06T13:34:35","guid":{"rendered":"https:\/\/www.kvinne.de\/?p=2138"},"modified":"2023-09-06T15:38:12","modified_gmt":"2023-09-06T13:38:12","slug":"ihre-ombudsstelle-fuer-hinweisgeber-innen","status":"publish","type":"post","link":"https:\/\/www.kvinne.de\/en\/ihre-ombudsstelle-fuer-hinweisgeber-innen\/","title":{"rendered":"Your ombuds office for whistleblowers"},"content":{"rendered":"<figure class=\"wp-block-image size-full\"><img loading=\"lazy\" decoding=\"async\" width=\"312\" height=\"168\" src=\"https:\/\/www.kvinne.de\/wp-content\/uploads\/2023\/09\/ombudstelle.png\" alt=\"\" class=\"wp-image-2140\" srcset=\"https:\/\/www.kvinne.de\/wp-content\/uploads\/2023\/09\/ombudstelle.png 312w, https:\/\/www.kvinne.de\/wp-content\/uploads\/2023\/09\/ombudstelle-300x162.png 300w\" sizes=\"auto, (max-width: 312px) 100vw, 312px\" \/><\/figure>\n\n\n\n<p>Ab 17.12.2023 tritt das <a href=\"https:\/\/www.kvinne.de\/en\/hinweisgeberschutzgesetz\/\" target=\"_blank\" rel=\"noreferrer noopener\">Hinweisgeberschutzgesetz<\/a> vollumf\u00e4nglich f\u00fcr Unternehmen und Beh\u00f6rden ab 50 Mitarbeitern in Kraft. Wir m\u00f6chten Sie heute \u00fcber diese wichtige gesetzliche Entwicklung informieren, \u00a0und Ihnen gleichzeitig unseren neuen Service als Ombudsstelle f\u00fcr Hinweisgeber\/innen vorstellen.<\/p>\n\n\n\n<p>Mit dem Inkrafttreten des Hinweisgeberschutzgesetzes haben Hinweisgeber\/innen, auch Whistleblower genannt, in Deutschland und der EU umfassende rechtliche Protektion erhalten. Dieses Gesetz hat das Ziel, Hinweisgeber\/innen vor beruflichen oder rechtlichen Konsequenzen zu sch\u00fctzen, wenn sie Informationen \u00fcber rechtswidriges Verhalten in Unternehmen melden. Als Ihre Berater\/in f\u00fcr Informationssicherheit und Datenschutz, m\u00f6chten wir Sie dabei unterst\u00fctzen die Einhaltung dieses Gesetzes in Ihrem Unternehmen umzusetzen.&nbsp;<\/p>\n\n\n\n<h3 class=\"wp-block-heading\">Unsere Rolle als interne Meldestelle f\u00fcr Ihr Unternehmen<\/h3>\n\n\n\n<p>Wir sind stolz darauf, Ihnen mitteilen zu k\u00f6nnen, dass wir ab sofort als unabh\u00e4ngige Ombudsstelle zur Verf\u00fcgung stehen. Als Ombudsstelle sind wir bereit, vertrauliche Hinweise zu empfangen, zu pr\u00fcfen und diskret zu behandeln.&nbsp; Wir haben uns zu diesem Thema zusammengesetzt und hoffen Ihnen heute eine gute L\u00f6sung pr\u00e4sentieren zu k\u00f6nnen.<\/p>\n\n\n\n<figure class=\"wp-block-image size-full\"><img loading=\"lazy\" decoding=\"async\" width=\"953\" height=\"918\" src=\"https:\/\/www.kvinne.de\/wp-content\/uploads\/2023\/09\/meldung.png\" alt=\"\" class=\"wp-image-2141\" srcset=\"https:\/\/www.kvinne.de\/wp-content\/uploads\/2023\/09\/meldung.png 953w, https:\/\/www.kvinne.de\/wp-content\/uploads\/2023\/09\/meldung-300x289.png 300w, https:\/\/www.kvinne.de\/wp-content\/uploads\/2023\/09\/meldung-768x740.png 768w\" sizes=\"auto, (max-width: 953px) 100vw, 953px\" \/><\/figure>\n\n\n\n<h3 class=\"wp-block-heading\">Portal zur Entgegennahme von Meldungen<\/h3>\n\n\n\n<p>Um Ihren Mitarbeitern und Gesch\u00e4ftspartnern die M\u00f6glichkeit einer Meldung \u00fcber einen verschl\u00fcsselten Kanal zu geben, steht Ihnen unser Portal unter <a href=\"https:\/\/bdiug.r.bh.d.sendibt3.com\/mk\/cl\/f\/sh\/1f8JIKXx3IkdaCaCicaVE6Wrzy\/_6G11h5y8Dxq\">https:\/\/meldung.kvinne.de<\/a> als interne Meldestelle zur Verf\u00fcgung. Der Gesetzgeber hat Wert darauf gelegt, dass Unternehmen eine interne Meldestelle schaffen, um zu vermeiden, dass Missst\u00e4nde oder vermutete Misssst\u00e4nde im Unternehmen vorschnell an die \u00d6ffentlichkeit gelangen. Das Unternehmen erh\u00e4lt somit die M\u00f6glichkeit einer einvernehmenlichen Kl\u00e4rung des Sachverhalts.\u00a0<br>Der Kanal kann von Ihnen im Unternehmen z.B. \u00a0<br> <br>-auf der Homepage <br>-in Arbeitsvertr\u00e4gen <br>-im Intranet etc. \u00a0 <br><br>ver\u00f6ffentlicht werden.<\/p>\n\n\n\n<h3 class=\"wp-block-heading\">Was passiert nach dem Eingang der Meldung?<\/h3>\n\n\n\n<p><span style=\"font-size:12.0pt;font-family:&quot;Arial&quot;,sans-serif;mso-fareast-font-family:Calibri;mso-fareast-theme-font:minor-latin;color:#3B3F44;mso-font-kerning:0pt;mso-ligatures:none;mso-ansi-language:DE;mso-fareast-language:DE;mso-bidi-language:AR-SA\">Im Gesetz ist eine genaue Vorgehensweise definiert, an die wir uns halten m\u00fcssen, daher werden wir wie folgt vorgehen.<\/span><\/p>\n\n\n\n<ul class=\"wp-block-list\">\n<li>Eingangsbest\u00e4tigung an die hinweisgebende Person<\/li>\n\n\n\n<li>Pr\u00fcfung der Meldung gem\u00e4\u00df dem sachlichen Anwendungsbereich nach \u00a72 HinSchG<\/li>\n\n\n\n<li>Kontakt zur hinweisgebenden Person soweit Kontaktdaten angegeben wurden<\/li>\n\n\n\n<li>Information \u00fcber den Eingang einer Meldung an das Unternehmen<\/li>\n\n\n\n<li>Pr\u00fcfung der Stichhaltigkeit der eingehenden Meldung ggf. Ersuchen um weitere Informationen<\/li>\n\n\n\n<li>optional: Unterst\u00fctzung bei der internen Ermittlung und Beratung zum weiteren Vorgehen sowie Mediation<\/li>\n<\/ul>\n\n\n\n<h2 class=\"wp-block-heading\">Die Konfliktl\u00f6sung steht im Mittelpunkt unseres Engagements<\/h2>\n\n\n\n<p>Ihre Konfliktl\u00f6sung steht im Mittelpunkt unseres Engagements Unsere Mediatorin Katrin Schulze steht Ihnen und uns zur Seite, um Konflikte zu identifizieren, zu verstehen und konstruktiv zu l\u00f6sen. Ihr Ziel ist es, Win-Win-L\u00f6sungen zu entwickeln, die langfristige Beziehungen und Vertrauen f\u00f6rdern. Wir sind fest entschlossen, sicherzustellen, dass unsere Zusammenarbeit auf eine faire und respektvolle Art und Weise verl\u00e4uft.<\/p>\n\n\n\n<figure class=\"wp-block-image size-large\"><img loading=\"lazy\" decoding=\"async\" width=\"1024\" height=\"683\" src=\"https:\/\/www.kvinne.de\/wp-content\/uploads\/2023\/09\/pexels-fauxels-3184634-1024x683.jpg\" alt=\"Ombudsstelle f\u00fcr Hinweisgeber\" class=\"wp-image-2142\" srcset=\"https:\/\/www.kvinne.de\/wp-content\/uploads\/2023\/09\/pexels-fauxels-3184634-1024x683.jpg 1024w, https:\/\/www.kvinne.de\/wp-content\/uploads\/2023\/09\/pexels-fauxels-3184634-300x200.jpg 300w, https:\/\/www.kvinne.de\/wp-content\/uploads\/2023\/09\/pexels-fauxels-3184634-768x512.jpg 768w, https:\/\/www.kvinne.de\/wp-content\/uploads\/2023\/09\/pexels-fauxels-3184634-1536x1024.jpg 1536w, https:\/\/www.kvinne.de\/wp-content\/uploads\/2023\/09\/pexels-fauxels-3184634-2048x1365.jpg 2048w\" sizes=\"auto, (max-width: 1024px) 100vw, 1024px\" \/><\/figure>\n\n\n\n<p>Als zertifizierte Wirtschaftsmediatorin (IHK) bringt Sie umfassende Fachkenntnisse und Erfahrung mit: Sie verf\u00fcgt \u00fcber eine nachgewiesene Erfolgsbilanz in der L\u00f6sung komplexer wirtschaftlicher Konflikte. Sie ist spezialisiert auf Mediation und bringt die erforderliche Neutralit\u00e4t und Fachkompetenz mit, um Konflikte fair und ausgewogen anzugehen. Ihre juristische Expertise wird eine wertvolle Erg\u00e4nzung sein, um sicherzustellen, dass alle L\u00f6sungen im Einklang mit den geltenden Gesetzen und dem Hinweisgeberschutzgesetz stehen.<\/p>\n\n\n\n<figure class=\"wp-block-table\"><table><tbody><tr><td>F\u00fcr Fragen, weitere Informationen oder ein <a href=\"https:\/\/www.kvinne.de\/en\/kontakt\/\">Angebot<\/a> stehen wir Ihnen gerne zur Verf\u00fcgung.&nbsp;<br><\/td><\/tr><\/tbody><\/table><\/figure>","protected":false},"excerpt":{"rendered":"<p>Ab 17.12.2023 tritt das Hinweisgeberschutzgesetz vollumf\u00e4nglich f\u00fcr Unternehmen und Beh\u00f6rden ab 50 Mitarbeitern in Kraft. Wir m\u00f6chten Sie heute \u00fcber diese wichtige gesetzliche Entwicklung informieren, \u00a0und Ihnen gleichzeitig unseren neuen Service als Ombudsstelle f\u00fcr Hinweisgeber\/innen vorstellen. Mit dem Inkrafttreten des Hinweisgeberschutzgesetzes haben Hinweisgeber\/innen, auch Whistleblower genannt, in Deutschland und der EU umfassende rechtliche Protektion erhalten. &#8230; <a title=\"Your ombuds office for whistleblowers\" class=\"read-more\" href=\"https:\/\/www.kvinne.de\/en\/ihre-ombudsstelle-fuer-hinweisgeber-innen\/\" aria-label=\"Read more about Ihre Ombudsstelle f\u00fcr Hinweisgeber\/innen\">Read more<\/a><\/p>","protected":false},"author":1,"featured_media":0,"comment_status":"closed","ping_status":"closed","sticky":false,"template":"","format":"standard","meta":{"footnotes":""},"categories":[1],"tags":[],"class_list":["post-2138","post","type-post","status-publish","format-standard","hentry","category-allgemein"],"yoast_head":"<!-- This site is optimized with the Yoast SEO plugin v27.5 - https:\/\/yoast.com\/product\/yoast-seo-wordpress\/ -->\n<title>Ihre Ombudsstelle f\u00fcr Hinweisgeber\/innen - KVINNE GmbH<\/title>\n<meta name=\"description\" content=\"Wir sind stolz Ihnen mitteilen zu k\u00f6nnen, dass wir als unabh\u00e4ngige Ombudsstelle f\u00fcr Hinweisgeber zur Verf\u00fcgung stehen.\" \/>\n<meta name=\"robots\" content=\"index, follow, max-snippet:-1, max-image-preview:large, max-video-preview:-1\" \/>\n<link rel=\"canonical\" href=\"https:\/\/www.kvinne.de\/en\/ihre-ombudsstelle-fuer-hinweisgeber-innen\/\" \/>\n<meta property=\"og:locale\" content=\"en_US\" \/>\n<meta property=\"og:type\" content=\"article\" \/>\n<meta property=\"og:title\" content=\"Ihre Ombudsstelle f\u00fcr Hinweisgeber\/innen - KVINNE GmbH\" \/>\n<meta property=\"og:description\" content=\"Wir sind stolz Ihnen mitteilen zu k\u00f6nnen, dass wir als unabh\u00e4ngige Ombudsstelle f\u00fcr Hinweisgeber zur Verf\u00fcgung stehen.\" \/>\n<meta property=\"og:url\" content=\"https:\/\/www.kvinne.de\/en\/ihre-ombudsstelle-fuer-hinweisgeber-innen\/\" \/>\n<meta property=\"og:site_name\" content=\"KVINNE GmbH\" \/>\n<meta property=\"article:published_time\" content=\"2023-09-06T13:34:35+00:00\" \/>\n<meta property=\"article:modified_time\" content=\"2023-09-06T13:38:12+00:00\" \/>\n<meta property=\"og:image\" content=\"https:\/\/www.kvinne.de\/wp-content\/uploads\/2023\/09\/ombudstelle.png\" \/>\n<meta name=\"author\" content=\"Carina Thomas\" \/>\n<meta name=\"twitter:card\" content=\"summary_large_image\" \/>\n<meta name=\"twitter:label1\" content=\"Written by\" \/>\n\t<meta name=\"twitter:data1\" content=\"Carina Thomas\" \/>\n\t<meta name=\"twitter:label2\" content=\"Est. reading time\" \/>\n\t<meta name=\"twitter:data2\" content=\"4 minutes\" \/>\n<script type=\"application\/ld+json\" class=\"yoast-schema-graph\">{\"@context\":\"https:\\\/\\\/schema.org\",\"@graph\":[{\"@type\":\"Article\",\"@id\":\"https:\\\/\\\/www.kvinne.de\\\/ihre-ombudsstelle-fuer-hinweisgeber-innen\\\/#article\",\"isPartOf\":{\"@id\":\"https:\\\/\\\/www.kvinne.de\\\/ihre-ombudsstelle-fuer-hinweisgeber-innen\\\/\"},\"author\":{\"name\":\"Carina Thomas\",\"@id\":\"https:\\\/\\\/www.kvinne.de\\\/#\\\/schema\\\/person\\\/825b64e7e70afd9dca8f8e9107f2b4f2\"},\"headline\":\"Ihre Ombudsstelle f\u00fcr Hinweisgeber\\\/innen\",\"datePublished\":\"2023-09-06T13:34:35+00:00\",\"dateModified\":\"2023-09-06T13:38:12+00:00\",\"mainEntityOfPage\":{\"@id\":\"https:\\\/\\\/www.kvinne.de\\\/ihre-ombudsstelle-fuer-hinweisgeber-innen\\\/\"},\"wordCount\":526,\"publisher\":{\"@id\":\"https:\\\/\\\/www.kvinne.de\\\/#organization\"},\"image\":{\"@id\":\"https:\\\/\\\/www.kvinne.de\\\/ihre-ombudsstelle-fuer-hinweisgeber-innen\\\/#primaryimage\"},\"thumbnailUrl\":\"https:\\\/\\\/www.kvinne.de\\\/wp-content\\\/uploads\\\/2023\\\/09\\\/ombudstelle.png\",\"articleSection\":[\"Allgemein\"],\"inLanguage\":\"en-US\"},{\"@type\":\"WebPage\",\"@id\":\"https:\\\/\\\/www.kvinne.de\\\/ihre-ombudsstelle-fuer-hinweisgeber-innen\\\/\",\"url\":\"https:\\\/\\\/www.kvinne.de\\\/ihre-ombudsstelle-fuer-hinweisgeber-innen\\\/\",\"name\":\"Ihre Ombudsstelle f\u00fcr Hinweisgeber\\\/innen - KVINNE GmbH\",\"isPartOf\":{\"@id\":\"https:\\\/\\\/www.kvinne.de\\\/#website\"},\"primaryImageOfPage\":{\"@id\":\"https:\\\/\\\/www.kvinne.de\\\/ihre-ombudsstelle-fuer-hinweisgeber-innen\\\/#primaryimage\"},\"image\":{\"@id\":\"https:\\\/\\\/www.kvinne.de\\\/ihre-ombudsstelle-fuer-hinweisgeber-innen\\\/#primaryimage\"},\"thumbnailUrl\":\"https:\\\/\\\/www.kvinne.de\\\/wp-content\\\/uploads\\\/2023\\\/09\\\/ombudstelle.png\",\"datePublished\":\"2023-09-06T13:34:35+00:00\",\"dateModified\":\"2023-09-06T13:38:12+00:00\",\"description\":\"Wir sind stolz Ihnen mitteilen zu k\u00f6nnen, dass wir als unabh\u00e4ngige Ombudsstelle f\u00fcr Hinweisgeber zur Verf\u00fcgung stehen.\",\"breadcrumb\":{\"@id\":\"https:\\\/\\\/www.kvinne.de\\\/ihre-ombudsstelle-fuer-hinweisgeber-innen\\\/#breadcrumb\"},\"inLanguage\":\"en-US\",\"potentialAction\":[{\"@type\":\"ReadAction\",\"target\":[\"https:\\\/\\\/www.kvinne.de\\\/ihre-ombudsstelle-fuer-hinweisgeber-innen\\\/\"]}]},{\"@type\":\"ImageObject\",\"inLanguage\":\"en-US\",\"@id\":\"https:\\\/\\\/www.kvinne.de\\\/ihre-ombudsstelle-fuer-hinweisgeber-innen\\\/#primaryimage\",\"url\":\"https:\\\/\\\/www.kvinne.de\\\/wp-content\\\/uploads\\\/2023\\\/09\\\/ombudstelle.png\",\"contentUrl\":\"https:\\\/\\\/www.kvinne.de\\\/wp-content\\\/uploads\\\/2023\\\/09\\\/ombudstelle.png\"},{\"@type\":\"BreadcrumbList\",\"@id\":\"https:\\\/\\\/www.kvinne.de\\\/ihre-ombudsstelle-fuer-hinweisgeber-innen\\\/#breadcrumb\",\"itemListElement\":[{\"@type\":\"ListItem\",\"position\":1,\"name\":\"Startseite\",\"item\":\"https:\\\/\\\/www.kvinne.de\\\/\"},{\"@type\":\"ListItem\",\"position\":2,\"name\":\"Ihre Ombudsstelle f\u00fcr Hinweisgeber\\\/innen\"}]},{\"@type\":\"WebSite\",\"@id\":\"https:\\\/\\\/www.kvinne.de\\\/#website\",\"url\":\"https:\\\/\\\/www.kvinne.de\\\/\",\"name\":\"KVINNE GmbH\",\"description\":\"Datenschutz und Informationssicherheit\",\"publisher\":{\"@id\":\"https:\\\/\\\/www.kvinne.de\\\/#organization\"},\"potentialAction\":[{\"@type\":\"SearchAction\",\"target\":{\"@type\":\"EntryPoint\",\"urlTemplate\":\"https:\\\/\\\/www.kvinne.de\\\/?s={search_term_string}\"},\"query-input\":{\"@type\":\"PropertyValueSpecification\",\"valueRequired\":true,\"valueName\":\"search_term_string\"}}],\"inLanguage\":\"en-US\"},{\"@type\":\"Organization\",\"@id\":\"https:\\\/\\\/www.kvinne.de\\\/#organization\",\"name\":\"KVINNE GmbH Datenschutz & Dgitalberatung\",\"alternateName\":\"KVINNE\",\"url\":\"https:\\\/\\\/www.kvinne.de\\\/\",\"logo\":{\"@type\":\"ImageObject\",\"inLanguage\":\"en-US\",\"@id\":\"https:\\\/\\\/www.kvinne.de\\\/#\\\/schema\\\/logo\\\/image\\\/\",\"url\":\"https:\\\/\\\/www.kvinne.de\\\/wp-content\\\/uploads\\\/2018\\\/07\\\/Logo-transparenter-Hintergrund-extra-Schloss-klein.png\",\"contentUrl\":\"https:\\\/\\\/www.kvinne.de\\\/wp-content\\\/uploads\\\/2018\\\/07\\\/Logo-transparenter-Hintergrund-extra-Schloss-klein.png\",\"width\":150,\"height\":183,\"caption\":\"KVINNE GmbH Datenschutz & Dgitalberatung\"},\"image\":{\"@id\":\"https:\\\/\\\/www.kvinne.de\\\/#\\\/schema\\\/logo\\\/image\\\/\"},\"sameAs\":[\"https:\\\/\\\/www.linkedin.com\\\/company\\\/kvinne-gmbh\\\/\"]},{\"@type\":\"Person\",\"@id\":\"https:\\\/\\\/www.kvinne.de\\\/#\\\/schema\\\/person\\\/825b64e7e70afd9dca8f8e9107f2b4f2\",\"name\":\"Carina Thomas\"}]}<\/script>\n<!-- \/ Yoast SEO plugin. -->","yoast_head_json":{"title":"Ihre Ombudsstelle f\u00fcr Hinweisgeber\/innen - KVINNE GmbH","description":"Wir sind stolz Ihnen mitteilen zu k\u00f6nnen, dass wir als unabh\u00e4ngige Ombudsstelle f\u00fcr Hinweisgeber zur Verf\u00fcgung stehen.","robots":{"index":"index","follow":"follow","max-snippet":"max-snippet:-1","max-image-preview":"max-image-preview:large","max-video-preview":"max-video-preview:-1"},"canonical":"https:\/\/www.kvinne.de\/en\/ihre-ombudsstelle-fuer-hinweisgeber-innen\/","og_locale":"en_US","og_type":"article","og_title":"Ihre Ombudsstelle f\u00fcr Hinweisgeber\/innen - KVINNE GmbH","og_description":"Wir sind stolz Ihnen mitteilen zu k\u00f6nnen, dass wir als unabh\u00e4ngige Ombudsstelle f\u00fcr Hinweisgeber zur Verf\u00fcgung stehen.","og_url":"https:\/\/www.kvinne.de\/en\/ihre-ombudsstelle-fuer-hinweisgeber-innen\/","og_site_name":"KVINNE GmbH","article_published_time":"2023-09-06T13:34:35+00:00","article_modified_time":"2023-09-06T13:38:12+00:00","og_image":[{"url":"https:\/\/www.kvinne.de\/wp-content\/uploads\/2023\/09\/ombudstelle.png","type":"","width":"","height":""}],"author":"Carina Thomas","twitter_card":"summary_large_image","twitter_misc":{"Written by":"Carina Thomas","Est. reading time":"4 minutes"},"schema":{"@context":"https:\/\/schema.org","@graph":[{"@type":"Article","@id":"https:\/\/www.kvinne.de\/ihre-ombudsstelle-fuer-hinweisgeber-innen\/#article","isPartOf":{"@id":"https:\/\/www.kvinne.de\/ihre-ombudsstelle-fuer-hinweisgeber-innen\/"},"author":{"name":"Carina Thomas","@id":"https:\/\/www.kvinne.de\/#\/schema\/person\/825b64e7e70afd9dca8f8e9107f2b4f2"},"headline":"Ihre Ombudsstelle f\u00fcr Hinweisgeber\/innen","datePublished":"2023-09-06T13:34:35+00:00","dateModified":"2023-09-06T13:38:12+00:00","mainEntityOfPage":{"@id":"https:\/\/www.kvinne.de\/ihre-ombudsstelle-fuer-hinweisgeber-innen\/"},"wordCount":526,"publisher":{"@id":"https:\/\/www.kvinne.de\/#organization"},"image":{"@id":"https:\/\/www.kvinne.de\/ihre-ombudsstelle-fuer-hinweisgeber-innen\/#primaryimage"},"thumbnailUrl":"https:\/\/www.kvinne.de\/wp-content\/uploads\/2023\/09\/ombudstelle.png","articleSection":["Allgemein"],"inLanguage":"en-US"},{"@type":"WebPage","@id":"https:\/\/www.kvinne.de\/ihre-ombudsstelle-fuer-hinweisgeber-innen\/","url":"https:\/\/www.kvinne.de\/ihre-ombudsstelle-fuer-hinweisgeber-innen\/","name":"Ihre Ombudsstelle f\u00fcr Hinweisgeber\/innen - KVINNE GmbH","isPartOf":{"@id":"https:\/\/www.kvinne.de\/#website"},"primaryImageOfPage":{"@id":"https:\/\/www.kvinne.de\/ihre-ombudsstelle-fuer-hinweisgeber-innen\/#primaryimage"},"image":{"@id":"https:\/\/www.kvinne.de\/ihre-ombudsstelle-fuer-hinweisgeber-innen\/#primaryimage"},"thumbnailUrl":"https:\/\/www.kvinne.de\/wp-content\/uploads\/2023\/09\/ombudstelle.png","datePublished":"2023-09-06T13:34:35+00:00","dateModified":"2023-09-06T13:38:12+00:00","description":"Wir sind stolz Ihnen mitteilen zu k\u00f6nnen, dass wir als unabh\u00e4ngige Ombudsstelle f\u00fcr Hinweisgeber zur Verf\u00fcgung stehen.","breadcrumb":{"@id":"https:\/\/www.kvinne.de\/ihre-ombudsstelle-fuer-hinweisgeber-innen\/#breadcrumb"},"inLanguage":"en-US","potentialAction":[{"@type":"ReadAction","target":["https:\/\/www.kvinne.de\/ihre-ombudsstelle-fuer-hinweisgeber-innen\/"]}]},{"@type":"ImageObject","inLanguage":"en-US","@id":"https:\/\/www.kvinne.de\/ihre-ombudsstelle-fuer-hinweisgeber-innen\/#primaryimage","url":"https:\/\/www.kvinne.de\/wp-content\/uploads\/2023\/09\/ombudstelle.png","contentUrl":"https:\/\/www.kvinne.de\/wp-content\/uploads\/2023\/09\/ombudstelle.png"},{"@type":"BreadcrumbList","@id":"https:\/\/www.kvinne.de\/ihre-ombudsstelle-fuer-hinweisgeber-innen\/#breadcrumb","itemListElement":[{"@type":"ListItem","position":1,"name":"Startseite","item":"https:\/\/www.kvinne.de\/"},{"@type":"ListItem","position":2,"name":"Ihre Ombudsstelle f\u00fcr Hinweisgeber\/innen"}]},{"@type":"WebSite","@id":"https:\/\/www.kvinne.de\/#website","url":"https:\/\/www.kvinne.de\/","name":"KVINNE GmbH","description":"Datenschutz und Informationssicherheit","publisher":{"@id":"https:\/\/www.kvinne.de\/#organization"},"potentialAction":[{"@type":"SearchAction","target":{"@type":"EntryPoint","urlTemplate":"https:\/\/www.kvinne.de\/?s={search_term_string}"},"query-input":{"@type":"PropertyValueSpecification","valueRequired":true,"valueName":"search_term_string"}}],"inLanguage":"en-US"},{"@type":"Organization","@id":"https:\/\/www.kvinne.de\/#organization","name":"KVINNE GmbH Datenschutz & Dgitalberatung","alternateName":"KVINNE","url":"https:\/\/www.kvinne.de\/","logo":{"@type":"ImageObject","inLanguage":"en-US","@id":"https:\/\/www.kvinne.de\/#\/schema\/logo\/image\/","url":"https:\/\/www.kvinne.de\/wp-content\/uploads\/2018\/07\/Logo-transparenter-Hintergrund-extra-Schloss-klein.png","contentUrl":"https:\/\/www.kvinne.de\/wp-content\/uploads\/2018\/07\/Logo-transparenter-Hintergrund-extra-Schloss-klein.png","width":150,"height":183,"caption":"KVINNE GmbH Datenschutz & Dgitalberatung"},"image":{"@id":"https:\/\/www.kvinne.de\/#\/schema\/logo\/image\/"},"sameAs":["https:\/\/www.linkedin.com\/company\/kvinne-gmbh\/"]},{"@type":"Person","@id":"https:\/\/www.kvinne.de\/#\/schema\/person\/825b64e7e70afd9dca8f8e9107f2b4f2","name":"Carina Thomas"}]}},"_links":{"self":[{"href":"https:\/\/www.kvinne.de\/en\/wp-json\/wp\/v2\/posts\/2138","targetHints":{"allow":["GET"]}}],"collection":[{"href":"https:\/\/www.kvinne.de\/en\/wp-json\/wp\/v2\/posts"}],"about":[{"href":"https:\/\/www.kvinne.de\/en\/wp-json\/wp\/v2\/types\/post"}],"author":[{"embeddable":true,"href":"https:\/\/www.kvinne.de\/en\/wp-json\/wp\/v2\/users\/1"}],"replies":[{"embeddable":true,"href":"https:\/\/www.kvinne.de\/en\/wp-json\/wp\/v2\/comments?post=2138"}],"version-history":[{"count":3,"href":"https:\/\/www.kvinne.de\/en\/wp-json\/wp\/v2\/posts\/2138\/revisions"}],"predecessor-version":[{"id":2148,"href":"https:\/\/www.kvinne.de\/en\/wp-json\/wp\/v2\/posts\/2138\/revisions\/2148"}],"wp:attachment":[{"href":"https:\/\/www.kvinne.de\/en\/wp-json\/wp\/v2\/media?parent=2138"}],"wp:term":[{"taxonomy":"category","embeddable":true,"href":"https:\/\/www.kvinne.de\/en\/wp-json\/wp\/v2\/categories?post=2138"},{"taxonomy":"post_tag","embeddable":true,"href":"https:\/\/www.kvinne.de\/en\/wp-json\/wp\/v2\/tags?post=2138"}],"curies":[{"name":"wp","href":"https:\/\/api.w.org\/{rel}","templated":true}]}}